{"provider_url": "https://www.pontenova.mg.leg.br", "title": "5\u00aa Reuni\u00e3o Ordin\u00e1ria Fixa ", "html": "<p><b>5\u00aa Reuni\u00e3o Ordin\u00e1ria Fixa da 2\u00aa Sess\u00e3o Legislativa da atual Legislatura, em 09/03/2026, \u00e0s 18 horas.</b></p>\r\n<p><b>ASSUNTO: Programa\u00e7\u00e3o de Reuni\u00e3o</b></p>\r\n<p><b>\u00a0</b></p>\r\n<p><b>CHAMADA/ABERTURA/ORA\u00c7\u00c3O</b></p>\r\n<p><b>VOTA\u00c7\u00c3O DA ATA DA REUNI\u00c3O ANTERIOR</b></p>\r\n<p><b>LEITURA DAS CORRESPOND\u00caNCIAS RECEBIDAS</b></p>\r\n<p align=\"center\"><b>\u00a0</b></p>\r\n<p align=\"center\"><b>\u00a0</b></p>\r\n<p align=\"center\"><b>\u00a0</b></p>\r\n<p align=\"center\"><b>MAT\u00c9RIAS DO LEGISLATIVO</b></p>\r\n<p align=\"center\"><b>\u00a0</b></p>\r\n<p><b>LEITURA DO PROJETO DE LEI DO LEGISLATIVO N\u00ba.:</b></p>\r\n<p><b>04/2026 </b>\u2013 denomina de Silvio Barros de Campos a rua que especifica, no Bairro Esplanada. (autoria: Vereador Jos\u00e9 Os\u00f3rio)</p>\r\n<p><b>\u00a0</b></p>\r\n<p><b>LEITURA DO PROJETO DE LEI COMPLEMENTAR SUBSTITUTIVO N\u00ba.:</b></p>\r\n<p><b>4.163/2026</b> \u2013 regulamenta o hor\u00e1rio de funcionamento dos setores da Prefeitura, disp\u00f5e sobre o aux\u00edlio- alimenta\u00e7\u00e3o dos servidores do Poder Executivo, institui o regime de escala 12x36, altera a Lei Complementar n\u00ba 4.238/2019, revoga a Lei Complementar 2.423/2000 e d\u00e1 outras provid\u00eancias.</p>\r\n<p>\u00a0</p>\r\n<p><b>LEITURA DO PROJETO DE RESOLU\u00c7\u00c3O.:</b></p>\r\n<p><b>06/2026</b> \u2013 concede Diploma de M\u00e9rito Legislativo Municipal \u00e0 Senhora Kamila Cristina Batista. (autoria: Vereadora Suellenn Fisioterapeuta)</p>\r\n<p align=\"center\"><b>\u00a0</b></p>\r\n<p align=\"center\"><b>\u00a0</b></p>\r\n<p align=\"center\"><b>MAT\u00c9RIAS DA ORDEM DO DIA</b></p>\r\n<p><b>\u00a0</b></p>\r\n<p><b>DISCUSS\u00c3O E VOTA\u00c7\u00c3O DOS REQUERIMENTOS N\u00baS.:</b></p>\r\n<p><b>39/2026 \u2013 </b>do Vereador Jos\u00e9 Os\u00f3rio, solicitando ao Executivo informa\u00e7\u00f5es sobre o servi\u00e7o de poda de \u00e1rvores localizadas em vias do Munic\u00edpio.</p>\r\n<p><b>40/2026</b> \u2013 do Vereador Thaffarel do Povo, solicitando ao Executivo informa\u00e7\u00f5es relacionadas \u00e0 regulariza\u00e7\u00e3o fundi\u00e1ria do bairro Anna Flor\u00eancia. <b></b></p>\r\n<p><b>41/2026</b> \u2013 do Vereador Wellington Neim, solicitando ao Executivo informa\u00e7\u00f5es sobre a demoli\u00e7\u00e3o de im\u00f3veis localizados na Rua Desembargador Paula Mota, no bairro Vila Oliveira.</p>\r\n<p><b>42/2026</b> \u2013 do Vereador Gustavo de Fizica, solicitando ao Executivo informa\u00e7\u00f5es sobre a obra de reforma do pr\u00e9dio sede da Prefeitura.</p>\r\n<p><b>43/2026</b> \u2013 do Vereador Wellington Neim, solicitando ao Executivo informa\u00e7\u00f5es sobre os editais de contrata\u00e7\u00e3o por prazo determinado.</p>\r\n<p><b>44/2026</b> \u2013 do Vereador Wagner Gomides, solicitando ao Executivo informa\u00e7\u00f5es relacionadas \u00e0 realiza\u00e7\u00e3o do concurso p\u00fablico.</p>\r\n<p>\u00a0</p>\r\n<p><b>\u00daNICA DISCUSS\u00c3O E VOTA\u00c7\u00c3O DOS PROJETOS DE RESOLU\u00c7\u00c3O N\u00baS.:</b></p>\r\n<p><b>04/2026 </b>\u2013 concede Diploma de Consagra\u00e7\u00e3o P\u00fablica ao Senhor Rodrigo Ant\u00f4nio Pl\u00e1cido.</p>\r\n<p><b>05/2026</b> \u2013 concede Diploma de Consagra\u00e7\u00e3o P\u00fablica ao Senhor Danilo Brum Gomes.<b></b></p>\r\n<p><b>\u00a0</b></p>\r\n<p><b>\u00a0</b></p>\r\n<p><b>PALAVRA LIVRE</b></p>\r\n<p><b>\u00a0</b></p>\r\n<p><b>ENCERRAMENTO</b></p>\r\n<p><b>\u00a0</b></p>\r\n<p align=\"center\"><b>\u00a0</b></p>\r\n<p align=\"center\"><b>\u00a0</b></p>\r\n<p align=\"center\"><b>Wellington Sabino de Oliveira</b></p>\r\n<p align=\"center\"><b>Presidente</b></p>", "author_name": "", "version": "1.0", "author_url": "https://www.pontenova.mg.leg.br/author/rachel", "provider_name": "C\u00e2mara Municipal de Ponte Nova - MG", "type": "rich"}