{"provider_url": "https://www.pontenova.mg.leg.br", "title": "2\u00aa Reuni\u00e3o Ordin\u00e1ria da CFLJ", "html": "<p align=\"center\"><b>2\u00aa REUNI\u00c3O DA COMISS\u00c3O DE FINAN\u00c7AS, LEGISLA\u00c7\u00c3O E JUSTI\u00c7A \u2013 CFLJ</b></p>\r\n<p align=\"center\"><b>SESS\u00c3O LEGISLATIVA 2026</b></p>\r\n<p align=\"center\"><b>PAUTA DA REUNI\u00c3O DO DIA 10/03/2026, \u00e0s 16h</b></p>\r\n<p><b>\u00a0</b></p>\r\n<p><b>PROPOSI\u00c7\u00d5ES PARA RECEBIMENTO:</b></p>\r\n<p><b>PL n\u00ba 4.175/2026</b> - Disp\u00f5e sobre o Sistema de Controle Interno da Administra\u00e7\u00e3o Direta e Indireta do Poder Executivo, altera a Lei Complementar n\u00ba 4.129/2017 e a Lei Complementar n\u00ba 4.238/2019, revoga as Leis n\u00ba 2.719/2003 e 2.805/2005, e d\u00e1 outras provid\u00eancias.</p>\r\n<p><b>PLL n\u00ba 04/2026</b> - Denomina de Silvio Barros de Campos a rua que especifica, no Bairro Esplanada.</p>\r\n<p><b>PLS n\u00ba 4.163/2025</b> - Altera a Lei Complementar n\u00ba 4.238/2019, para dispor sobre as jornadas de trabalho, criar vagas em cargos e instituir a jornada de 12x36 horas, revoga a Lei Complementar n\u00ba 2.423/2000, que estabelece a jornada de trabalho dos Servidores Municipais, e d\u00e1 outras provid\u00eancias.</p>\r\n<p><b>\u00a0</b></p>\r\n<p><b>PROPOSI\u00c7\u00d5ES PARA DISCUSS\u00c3O:</b></p>\r\n<p><b>PLL n\u00ba 21/2025</b> - Disp\u00f5e sobre a obrigatoriedade de implanta\u00e7\u00e3o de espa\u00e7os de conviv\u00eancia e lazer em \u00e1reas p\u00fablicas e d\u00e1 outras provid\u00eancias.</p>\r\n<p><b>PLS n\u00ba 4.115/2025</b> - Desafeta parte da \u00e1rea verde E2 na Ch\u00e1cara Vasconcellos, autoriza permuta de \u00e1reas e d\u00e1 outras provid\u00eancias.</p>\r\n<p><b>PL n\u00ba 4.164/2025</b> - Institui o Programa de Apoio \u00e0 Fam\u00edlia At\u00edpica (PAFA) no \u00e2mbito do Munic\u00edpio de Ponte Nova- MG e d\u00e1 outras provid\u00eancias.</p>\r\n<p><b>PLCL n\u00ba 02/2026</b> - Altera a Lei Municipal n\u00ba 3.027/2007, para estender a prioridade de atendimento \u00e0s pessoas com fibromialgia.</p>\r\n<p><b>PL n\u00ba 4.173/2026</b> - Disp\u00f5e sobre a concess\u00e3o de aux\u00edlio aos cursistas participantes do Pacto Mineiro pela Alfabetiza\u00e7\u00e3o no \u00e2mbito do Compromisso Nacional Crian\u00e7a Alfabetizada, no \u00e2mbito do Munic\u00edpio de Ponte Nova- Minas Gerais e d\u00e1 outras provid\u00eancias.</p>\r\n<p>\u00a0</p>\r\n<p align=\"center\"><b>Jos\u00e9 Rubens Tavares</b></p>\r\n<p align=\"center\"><b>Presidente</b><b></b></p>", "author_name": "", "version": "1.0", "author_url": "https://www.pontenova.mg.leg.br/author/mateus", "provider_name": "C\u00e2mara Municipal de Ponte Nova - MG", "type": "rich"}